{"id":806,"date":"2020-06-09T13:41:11","date_gmt":"2020-06-09T11:41:11","guid":{"rendered":"https:\/\/kleinhandelskg.at\/blog\/?p=806"},"modified":"2020-08-24T14:55:02","modified_gmt":"2020-08-24T12:55:02","slug":"thekenkuhlschrank-liebherr-glastuer-edelstahl","status":"publish","type":"post","link":"https:\/\/kleinhandelskg.at\/blog\/thekenkuhlschrank-liebherr-glastuer-edelstahl\/","title":{"rendered":"Der Edelstahl Thekenk\u00fchlschrank mit Glast\u00fcr"},"content":{"rendered":"\n<h2 class=\"wp-block-heading\">Edelstahl Thekenk\u00fchlschrank mit Glast\u00fcr<\/h2>\n\n\n\n<p>Der <a rel=\"noreferrer noopener\" href=\"https:\/\/kleinhandelskg.at\/liebherr-fkv-503-theken-kuehler.html\" target=\"_blank\">Liebherr FKv 503 Thekenk\u00fchlschrank<\/a> aus <strong>Edelstahl<\/strong> ist eine echter Hingucker. Er ist ideal f\u00fcr den Thekenbereich in Bars, Restaurants, Gesch\u00e4ften. Aber auch auf Events macht der Liebherr Thekenk\u00fchlschrank einen guten Eindruck. <\/p>\n\n\n\n<h2 class=\"wp-block-heading\">Thekenk\u00fchlschrank mit LED Beleuchtung<\/h2>\n\n\n\n<p>Das Ger\u00e4t verf\u00fcgt \u00fcber eine dimmbare LED Beleuchtung und eine Glast\u00fcr.<\/p>\n\n\n\n<p>Der K\u00fchlschrank ist als Thekenk\u00fchlschrank verwendbar. Falls Be- und Entl\u00fcftung gesorgt wird, so ist der Thekenk\u00fchler auch in Verkaufspulte integrierbar. Ebenso kann der K\u00fchlschrank einfach an die Wand geh\u00e4ngt werden. <\/p>\n\n\n\n<h2 class=\"wp-block-heading\">Thekenk\u00fchlschr\u00e4nke sorgen f\u00fcr mehr Umsatz<\/h2>\n\n\n\n<p>Thekenk\u00fchlschr\u00e4nke sorgen im Sichtbereich von Gesch\u00e4ften oder in der Gastro f\u00fcr mehr Umsatz. Die Glast\u00fcr erm\u00f6glicht eine gute Sicht auf die eingelagerten Getr\u00e4nke und animiert dadurch zum Kauf. <\/p>\n\n\n\n<h2 class=\"wp-block-heading\">KLEIN aber oho&#8230;  viel Platz im Thekenk\u00fchlschrank trotz kompakter Au\u00dfenma\u00dfe<\/h2>\n\n\n\n<p>Der <strong>Thekenk\u00fchlschrank<\/strong> bietet trotz der kompakten Au\u00dfenma\u00dfe Platz f\u00fcr bis zu 27 St\u00fcck PET Flaschen mit je 0,5 Liter Inhalt oder 60 St\u00fcck. 0,33 Liter Dosen. Das Ger\u00e4t hat 2 h\u00f6henverstellbare Gitterroste sowie eine fixe Ablagefl\u00e4che am Boden. Es gehen sich auch fast 3 x 24 Dosen Red Bull aus. Allerdings sieht es besser aus, wenn man die vordere Reihe ausl\u00e4sst.<\/p>\n\n\n\n<h2 class=\"wp-block-heading\">Leistungsstark dank Umluftk\u00fchlung<\/h2>\n\n\n\n<p>Der <strong>K\u00fchlschrank<\/strong> f\u00fcr die <strong>Theke<\/strong> bietet auch unter hohen Umgebungstemperaturen eine <strong>hohe K\u00fchlleistung<\/strong>. Die <strong>dynamische K\u00fchlung<\/strong> sorgt f\u00fcr eine gute Luftumw\u00e4lzung im Innenraum und erm\u00f6glicht dadurch die rasche Abk\u00fchlung der Getr\u00e4nke. Der Thekenk\u00fchlschrank hat auch mit h\u00e4ufigem \u00d6ffnen der T\u00fcr kein Problem. Das Profiger\u00e4t arbeitet auch unter hohen Umgebungstemperaturen \u00e4u\u00dferst zuverl\u00e4ssig.<\/p>\n\n\n\n<p>Das Ger\u00e4t hat 2 h\u00f6henverstellbare Gitterroste sowie eine fixe Ablagefl\u00e4che am Boden. Somit l\u00e4sst sich das Ger\u00e4t perfekt an die verschiedenen Gebindegr\u00f6\u00dfen anpassen.<\/p>\n\n\n\n<h2 class=\"wp-block-heading\"><strong>Thekenk\u00fchlschrank mit hoher Leistung<\/strong><\/h2>\n\n\n\n<p>Der <strong>Liebherr<\/strong> Thekenk\u00fchlschrank mit Glast\u00fcr leistet h\u00f6chste Performance bei \u00e4u\u00dferst kompakten Au\u00dfenma\u00dfen. <\/p>\n\n\n\n<p><strong>Thekenk\u00fchlschr\u00e4nke<\/strong> sind die Eyecatcher f\u00fcr die Trafik, Gesch\u00e4fte, Diskotheken und vieles mehr! <\/p>\n\n\n\n<h2 class=\"wp-block-heading\">24-monatige Herstellergarantie<\/h2>\n\n\n\n<p>Der Liebherr FKv 503 wird mit 24-monatiger Herstellergarantie ausgeliefert. <\/p>\n","protected":false},"excerpt":{"rendered":"<p>Edelstahl Thekenk\u00fchlschrank mit Glast\u00fcr Der Liebherr FKv 503 Thekenk\u00fchlschrank aus Edelstahl ist eine echter Hingucker. Er ist ideal f\u00fcr den Thekenbereich in Bars, Restaurants, Gesch\u00e4ften. Aber auch auf Events macht der Liebherr Thekenk\u00fchlschrank einen guten Eindruck. Thekenk\u00fchlschrank mit LED Beleuchtung Das Ger\u00e4t verf\u00fcgt \u00fcber eine dimmbare LED Beleuchtung und eine Glast\u00fcr. Der K\u00fchlschrank ist als [&hellip;]<\/p>\n","protected":false},"author":1,"featured_media":1011,"comment_status":"closed","ping_status":"open","sticky":false,"template":"","format":"standard","meta":{"footnotes":""},"categories":[1],"tags":[163],"class_list":["post-806","post","type-post","status-publish","format-standard","has-post-thumbnail","hentry","category-allgemein","tag-thekenkuehlschrank"],"yoast_head":"<!-- This site is optimized with the Yoast SEO plugin v26.6 - https:\/\/yoast.com\/wordpress\/plugins\/seo\/ -->\n<title>Der Edelstahl Thekenk\u00fchlschrank mit Glast\u00fcr - KLEIN Handels KG<\/title>\n<meta name=\"description\" content=\"Ein Edelstahl Thekenk\u00fchlschrank mit Glast\u00fcr ist ein Eyecatcher im Lokal oder Gesch\u00e4ft. Trotz kompakter Au\u00dfenma\u00dfe bieten die Thekenk\u00fchler viel Platz\" \/>\n<meta name=\"robots\" content=\"index, follow, max-snippet:-1, max-image-preview:large, max-video-preview:-1\" \/>\n<link rel=\"canonical\" href=\"https:\/\/kleinhandelskg.at\/blog\/thekenkuhlschrank-liebherr-glastuer-edelstahl\/\" \/>\n<meta property=\"og:locale\" content=\"de_DE\" \/>\n<meta property=\"og:type\" content=\"article\" \/>\n<meta property=\"og:title\" content=\"Der Edelstahl Thekenk\u00fchlschrank mit Glast\u00fcr - KLEIN Handels KG\" \/>\n<meta property=\"og:description\" content=\"Ein Edelstahl Thekenk\u00fchlschrank mit Glast\u00fcr ist ein Eyecatcher im Lokal oder Gesch\u00e4ft. Trotz kompakter Au\u00dfenma\u00dfe bieten die Thekenk\u00fchler viel Platz\" \/>\n<meta property=\"og:url\" content=\"https:\/\/kleinhandelskg.at\/blog\/thekenkuhlschrank-liebherr-glastuer-edelstahl\/\" \/>\n<meta property=\"og:site_name\" content=\"KLEIN Handels KG\" \/>\n<meta property=\"article:published_time\" content=\"2020-06-09T11:41:11+00:00\" \/>\n<meta property=\"article:modified_time\" content=\"2020-08-24T12:55:02+00:00\" \/>\n<meta property=\"og:image\" content=\"https:\/\/kleinhandelskg.at\/blog\/wp-content\/uploads\/2020\/06\/thekenkuehlschrank-liebherr-fkv-503-e1596197713980.jpg\" \/>\n\t<meta property=\"og:image:width\" content=\"700\" \/>\n\t<meta property=\"og:image:height\" content=\"876\" \/>\n\t<meta property=\"og:image:type\" content=\"image\/jpeg\" \/>\n<meta name=\"author\" content=\"KLEIN Handels KG\" \/>\n<meta name=\"twitter:card\" content=\"summary_large_image\" \/>\n<meta name=\"twitter:label1\" content=\"Verfasst von\" \/>\n\t<meta name=\"twitter:data1\" content=\"KLEIN Handels KG\" \/>\n\t<meta name=\"twitter:label2\" content=\"Gesch\u00e4tzte Lesezeit\" \/>\n\t<meta name=\"twitter:data2\" content=\"2\u00a0Minuten\" \/>\n<script type=\"application\/ld+json\" class=\"yoast-schema-graph\">{\"@context\":\"https:\/\/schema.org\",\"@graph\":[{\"@type\":\"WebPage\",\"@id\":\"https:\/\/kleinhandelskg.at\/blog\/thekenkuhlschrank-liebherr-glastuer-edelstahl\/\",\"url\":\"https:\/\/kleinhandelskg.at\/blog\/thekenkuhlschrank-liebherr-glastuer-edelstahl\/\",\"name\":\"Der Edelstahl Thekenk\u00fchlschrank mit Glast\u00fcr - KLEIN Handels KG\",\"isPartOf\":{\"@id\":\"https:\/\/kleinhandelskg.at\/blog\/#website\"},\"primaryImageOfPage\":{\"@id\":\"https:\/\/kleinhandelskg.at\/blog\/thekenkuhlschrank-liebherr-glastuer-edelstahl\/#primaryimage\"},\"image\":{\"@id\":\"https:\/\/kleinhandelskg.at\/blog\/thekenkuhlschrank-liebherr-glastuer-edelstahl\/#primaryimage\"},\"thumbnailUrl\":\"https:\/\/kleinhandelskg.at\/blog\/wp-content\/uploads\/2020\/06\/thekenkuehlschrank-liebherr-fkv-503-e1596197713980.jpg\",\"datePublished\":\"2020-06-09T11:41:11+00:00\",\"dateModified\":\"2020-08-24T12:55:02+00:00\",\"author\":{\"@id\":\"https:\/\/kleinhandelskg.at\/blog\/#\/schema\/person\/dcca61c963f8ef3cce3b76386f94866c\"},\"description\":\"Ein Edelstahl Thekenk\u00fchlschrank mit Glast\u00fcr ist ein Eyecatcher im Lokal oder Gesch\u00e4ft. Trotz kompakter Au\u00dfenma\u00dfe bieten die Thekenk\u00fchler viel Platz\",\"breadcrumb\":{\"@id\":\"https:\/\/kleinhandelskg.at\/blog\/thekenkuhlschrank-liebherr-glastuer-edelstahl\/#breadcrumb\"},\"inLanguage\":\"de\",\"potentialAction\":[{\"@type\":\"ReadAction\",\"target\":[\"https:\/\/kleinhandelskg.at\/blog\/thekenkuhlschrank-liebherr-glastuer-edelstahl\/\"]}]},{\"@type\":\"ImageObject\",\"inLanguage\":\"de\",\"@id\":\"https:\/\/kleinhandelskg.at\/blog\/thekenkuhlschrank-liebherr-glastuer-edelstahl\/#primaryimage\",\"url\":\"https:\/\/kleinhandelskg.at\/blog\/wp-content\/uploads\/2020\/06\/thekenkuehlschrank-liebherr-fkv-503-e1596197713980.jpg\",\"contentUrl\":\"https:\/\/kleinhandelskg.at\/blog\/wp-content\/uploads\/2020\/06\/thekenkuehlschrank-liebherr-fkv-503-e1596197713980.jpg\",\"width\":700,\"height\":876,\"caption\":\"Edelstahl Thekenk\u00fchlschrank von Liebherr\"},{\"@type\":\"BreadcrumbList\",\"@id\":\"https:\/\/kleinhandelskg.at\/blog\/thekenkuhlschrank-liebherr-glastuer-edelstahl\/#breadcrumb\",\"itemListElement\":[{\"@type\":\"ListItem\",\"position\":1,\"name\":\"Startseite\",\"item\":\"https:\/\/kleinhandelskg.at\/blog\/\"},{\"@type\":\"ListItem\",\"position\":2,\"name\":\"Der Edelstahl Thekenk\u00fchlschrank mit Glast\u00fcr\"}]},{\"@type\":\"WebSite\",\"@id\":\"https:\/\/kleinhandelskg.at\/blog\/#website\",\"url\":\"https:\/\/kleinhandelskg.at\/blog\/\",\"name\":\"KLEIN Handels KG\",\"description\":\"Hier finden Sie Informationen \u00fcber die von uns angebotenen Produkte\",\"potentialAction\":[{\"@type\":\"SearchAction\",\"target\":{\"@type\":\"EntryPoint\",\"urlTemplate\":\"https:\/\/kleinhandelskg.at\/blog\/?s={search_term_string}\"},\"query-input\":{\"@type\":\"PropertyValueSpecification\",\"valueRequired\":true,\"valueName\":\"search_term_string\"}}],\"inLanguage\":\"de\"},{\"@type\":\"Person\",\"@id\":\"https:\/\/kleinhandelskg.at\/blog\/#\/schema\/person\/dcca61c963f8ef3cce3b76386f94866c\",\"name\":\"KLEIN Handels KG\",\"image\":{\"@type\":\"ImageObject\",\"inLanguage\":\"de\",\"@id\":\"https:\/\/kleinhandelskg.at\/blog\/#\/schema\/person\/image\/\",\"url\":\"https:\/\/secure.gravatar.com\/avatar\/2325b8654060d82279d28774865a257cb20f7de63b6aa19d7273edddcd338b68?s=96&d=mm&r=g\",\"contentUrl\":\"https:\/\/secure.gravatar.com\/avatar\/2325b8654060d82279d28774865a257cb20f7de63b6aa19d7273edddcd338b68?s=96&d=mm&r=g\",\"caption\":\"KLEIN Handels KG\"}}]}<\/script>\n<!-- \/ Yoast SEO plugin. -->","yoast_head_json":{"title":"Der Edelstahl Thekenk\u00fchlschrank mit Glast\u00fcr - KLEIN Handels KG","description":"Ein Edelstahl Thekenk\u00fchlschrank mit Glast\u00fcr ist ein Eyecatcher im Lokal oder Gesch\u00e4ft. Trotz kompakter Au\u00dfenma\u00dfe bieten die Thekenk\u00fchler viel Platz","robots":{"index":"index","follow":"follow","max-snippet":"max-snippet:-1","max-image-preview":"max-image-preview:large","max-video-preview":"max-video-preview:-1"},"canonical":"https:\/\/kleinhandelskg.at\/blog\/thekenkuhlschrank-liebherr-glastuer-edelstahl\/","og_locale":"de_DE","og_type":"article","og_title":"Der Edelstahl Thekenk\u00fchlschrank mit Glast\u00fcr - KLEIN Handels KG","og_description":"Ein Edelstahl Thekenk\u00fchlschrank mit Glast\u00fcr ist ein Eyecatcher im Lokal oder Gesch\u00e4ft. Trotz kompakter Au\u00dfenma\u00dfe bieten die Thekenk\u00fchler viel Platz","og_url":"https:\/\/kleinhandelskg.at\/blog\/thekenkuhlschrank-liebherr-glastuer-edelstahl\/","og_site_name":"KLEIN Handels KG","article_published_time":"2020-06-09T11:41:11+00:00","article_modified_time":"2020-08-24T12:55:02+00:00","og_image":[{"width":700,"height":876,"url":"https:\/\/kleinhandelskg.at\/blog\/wp-content\/uploads\/2020\/06\/thekenkuehlschrank-liebherr-fkv-503-e1596197713980.jpg","type":"image\/jpeg"}],"author":"KLEIN Handels KG","twitter_card":"summary_large_image","twitter_misc":{"Verfasst von":"KLEIN Handels KG","Gesch\u00e4tzte Lesezeit":"2\u00a0Minuten"},"schema":{"@context":"https:\/\/schema.org","@graph":[{"@type":"WebPage","@id":"https:\/\/kleinhandelskg.at\/blog\/thekenkuhlschrank-liebherr-glastuer-edelstahl\/","url":"https:\/\/kleinhandelskg.at\/blog\/thekenkuhlschrank-liebherr-glastuer-edelstahl\/","name":"Der Edelstahl Thekenk\u00fchlschrank mit Glast\u00fcr - KLEIN Handels KG","isPartOf":{"@id":"https:\/\/kleinhandelskg.at\/blog\/#website"},"primaryImageOfPage":{"@id":"https:\/\/kleinhandelskg.at\/blog\/thekenkuhlschrank-liebherr-glastuer-edelstahl\/#primaryimage"},"image":{"@id":"https:\/\/kleinhandelskg.at\/blog\/thekenkuhlschrank-liebherr-glastuer-edelstahl\/#primaryimage"},"thumbnailUrl":"https:\/\/kleinhandelskg.at\/blog\/wp-content\/uploads\/2020\/06\/thekenkuehlschrank-liebherr-fkv-503-e1596197713980.jpg","datePublished":"2020-06-09T11:41:11+00:00","dateModified":"2020-08-24T12:55:02+00:00","author":{"@id":"https:\/\/kleinhandelskg.at\/blog\/#\/schema\/person\/dcca61c963f8ef3cce3b76386f94866c"},"description":"Ein Edelstahl Thekenk\u00fchlschrank mit Glast\u00fcr ist ein Eyecatcher im Lokal oder Gesch\u00e4ft. Trotz kompakter Au\u00dfenma\u00dfe bieten die Thekenk\u00fchler viel Platz","breadcrumb":{"@id":"https:\/\/kleinhandelskg.at\/blog\/thekenkuhlschrank-liebherr-glastuer-edelstahl\/#breadcrumb"},"inLanguage":"de","potentialAction":[{"@type":"ReadAction","target":["https:\/\/kleinhandelskg.at\/blog\/thekenkuhlschrank-liebherr-glastuer-edelstahl\/"]}]},{"@type":"ImageObject","inLanguage":"de","@id":"https:\/\/kleinhandelskg.at\/blog\/thekenkuhlschrank-liebherr-glastuer-edelstahl\/#primaryimage","url":"https:\/\/kleinhandelskg.at\/blog\/wp-content\/uploads\/2020\/06\/thekenkuehlschrank-liebherr-fkv-503-e1596197713980.jpg","contentUrl":"https:\/\/kleinhandelskg.at\/blog\/wp-content\/uploads\/2020\/06\/thekenkuehlschrank-liebherr-fkv-503-e1596197713980.jpg","width":700,"height":876,"caption":"Edelstahl Thekenk\u00fchlschrank von Liebherr"},{"@type":"BreadcrumbList","@id":"https:\/\/kleinhandelskg.at\/blog\/thekenkuhlschrank-liebherr-glastuer-edelstahl\/#breadcrumb","itemListElement":[{"@type":"ListItem","position":1,"name":"Startseite","item":"https:\/\/kleinhandelskg.at\/blog\/"},{"@type":"ListItem","position":2,"name":"Der Edelstahl Thekenk\u00fchlschrank mit Glast\u00fcr"}]},{"@type":"WebSite","@id":"https:\/\/kleinhandelskg.at\/blog\/#website","url":"https:\/\/kleinhandelskg.at\/blog\/","name":"KLEIN Handels KG","description":"Hier finden Sie Informationen \u00fcber die von uns angebotenen Produkte","potentialAction":[{"@type":"SearchAction","target":{"@type":"EntryPoint","urlTemplate":"https:\/\/kleinhandelskg.at\/blog\/?s={search_term_string}"},"query-input":{"@type":"PropertyValueSpecification","valueRequired":true,"valueName":"search_term_string"}}],"inLanguage":"de"},{"@type":"Person","@id":"https:\/\/kleinhandelskg.at\/blog\/#\/schema\/person\/dcca61c963f8ef3cce3b76386f94866c","name":"KLEIN Handels KG","image":{"@type":"ImageObject","inLanguage":"de","@id":"https:\/\/kleinhandelskg.at\/blog\/#\/schema\/person\/image\/","url":"https:\/\/secure.gravatar.com\/avatar\/2325b8654060d82279d28774865a257cb20f7de63b6aa19d7273edddcd338b68?s=96&d=mm&r=g","contentUrl":"https:\/\/secure.gravatar.com\/avatar\/2325b8654060d82279d28774865a257cb20f7de63b6aa19d7273edddcd338b68?s=96&d=mm&r=g","caption":"KLEIN Handels KG"}}]}},"_links":{"self":[{"href":"https:\/\/kleinhandelskg.at\/blog\/wp-json\/wp\/v2\/posts\/806","targetHints":{"allow":["GET"]}}],"collection":[{"href":"https:\/\/kleinhandelskg.at\/blog\/wp-json\/wp\/v2\/posts"}],"about":[{"href":"https:\/\/kleinhandelskg.at\/blog\/wp-json\/wp\/v2\/types\/post"}],"author":[{"embeddable":true,"href":"https:\/\/kleinhandelskg.at\/blog\/wp-json\/wp\/v2\/users\/1"}],"replies":[{"embeddable":true,"href":"https:\/\/kleinhandelskg.at\/blog\/wp-json\/wp\/v2\/comments?post=806"}],"version-history":[{"count":18,"href":"https:\/\/kleinhandelskg.at\/blog\/wp-json\/wp\/v2\/posts\/806\/revisions"}],"predecessor-version":[{"id":1155,"href":"https:\/\/kleinhandelskg.at\/blog\/wp-json\/wp\/v2\/posts\/806\/revisions\/1155"}],"wp:featuredmedia":[{"embeddable":true,"href":"https:\/\/kleinhandelskg.at\/blog\/wp-json\/wp\/v2\/media\/1011"}],"wp:attachment":[{"href":"https:\/\/kleinhandelskg.at\/blog\/wp-json\/wp\/v2\/media?parent=806"}],"wp:term":[{"taxonomy":"category","embeddable":true,"href":"https:\/\/kleinhandelskg.at\/blog\/wp-json\/wp\/v2\/categories?post=806"},{"taxonomy":"post_tag","embeddable":true,"href":"https:\/\/kleinhandelskg.at\/blog\/wp-json\/wp\/v2\/tags?post=806"}],"curies":[{"name":"wp","href":"https:\/\/api.w.org\/{rel}","templated":true}]}}