{"id":764,"date":"2019-05-03T21:42:22","date_gmt":"2019-05-03T19:42:22","guid":{"rendered":"https:\/\/kleinhandelskg.at\/blog\/?p=764"},"modified":"2025-02-18T19:34:01","modified_gmt":"2025-02-18T18:34:01","slug":"getraenkekuehler","status":"publish","type":"post","link":"https:\/\/kleinhandelskg.at\/blog\/getraenkekuehler\/","title":{"rendered":"Getr\u00e4nkek\u00fchler in verschiedenen Ausf\u00fchrungen"},"content":{"rendered":"\n<h2 class=\"wp-block-heading\">Die Auswahl an Getr\u00e4nkek\u00fchlern ist gro\u00df&#8230;<\/h2>\n\n\n\n<p><strong>Getr\u00e4nkek\u00fchler<\/strong> sind in vielen verschiedenen Ausf\u00fchrungen erh\u00e4ltlich. <strong>Unterbaubare<\/strong> Getr\u00e4nkek\u00fchler oder <strong>Stand-Getr\u00e4nkek\u00fchler<\/strong>, mit <strong>Glast\u00fcr<\/strong> oder Vollt\u00fcr, statische bzw. stille K\u00fchlung oder leistungsstarke dynamische K\u00fchlung. Display-Getr\u00e4nkek\u00fchler oder kleine Thekenk\u00fchler. Ebenso ist eine <a href=\"https:\/\/kleinhandelskg.at\/kuehltechnik\/kuehl-und-tiefkuehltruhen\/getraenke-kuehltruhen\/\">Getr\u00e4nke-K\u00fchltruhe<\/a> f\u00fcr die K\u00fchlung von Getr\u00e4nken sehr beliebt.<\/p>\n\n\n\n<h3 class=\"wp-block-heading\">Getr\u00e4nkek\u00fchler mit statischer K\u00fchlung oder Umluftk\u00fchlung?<\/h3>\n\n\n\n<p>Getr\u00e4nkek\u00fchler mit <strong>dynamischer K\u00fchlung<\/strong> bzw. Umluftk\u00fchlung sind mit einem Ventilator ausgestattet, der die Luft gleichm\u00e4\u00dfig im Innenraum verteilt. Die Betriebslautst\u00e4rke eines solchen Ger\u00e4ts ist ein wenig lauter als die eines K\u00fchlers mit statischer K\u00fchlung. Hier finden Sie weitere Informationen zum <a href=\"https:\/\/kleinhandelskg.at\/blog\/dynamische-kuehlung-oder-statische-kuehlung\/\">Unterschied der stillen K\u00fchlung und der Umluftk\u00fchlung<\/a>.<\/p>\n\n\n\n<h3 class=\"wp-block-heading\">Welche T\u00fcr ist besser? Getr\u00e4nkek\u00fchler Glast\u00fcr oder Vollt\u00fcr?<\/h3>\n\n\n\n<p>F\u00fcr die reine Lagerhaltung von Getr\u00e4nken sind Getr\u00e4nkek\u00fchler mit Vollt\u00fcr v\u00f6llig ausreichend. Die Ger\u00e4te sind in der Anschaffung g\u00fcnstiger und verursachen ein bisschen weniger Stromkosten.<\/p>\n\n\n\n<p>Wird das Ger\u00e4t allerdings im Sichtbereich aufgestellt empfiehlt sich der Kauf eine Getr\u00e4nkek\u00fchlers mit <strong>Glast\u00fcr<\/strong>. Getr\u00e4nkek\u00fchler mit Glast\u00fcr bieten eine gute Einsicht auf die eingek\u00fchlten Getr\u00e4nke. Au\u00dferdem sind K\u00fchlger\u00e4te mit Glast\u00fcr meist mit einer Beleuchtung im Inneren des K\u00fchlschranks ausgestattet. <strong><a href=\"https:\/\/kleinhandelskg.at\/kuehltechnik\/gastro-kuehlschraenke\/getraenkekuehlschraenke\/glastuerkuehlschraenke\/\">Glast\u00fcrk\u00fchlschr\u00e4nke<\/a><\/strong>, die im Sichtbereich platziert werden, helfen dabei Ihre Ums\u00e4tze zu steigern. Die gute Einsicht auf die gek\u00fchlten Getr\u00e4nke l\u00f6st einen Verkaufsimpuls aus und tr\u00e4gt somit zur Umsatzsteigerung im Handel und der Gastronomie bei.<\/p>\n\n\n\n<h3 class=\"wp-block-heading\">Die Wahl der richtigen Farbe.<\/h3>\n\n\n\n<p>Je nach Modell gibt es Getr\u00e4nkek\u00fchler in schlichtem wei\u00df, schwarz, silber, anthrazit oder Edelstahl. Ab bestimmten Losgr\u00f6\u00dfen ist es sogar m\u00f6glich bestimmte Modelle individuell branden zu lassen. <\/p>\n\n\n\n<h3 class=\"wp-block-heading\">Getr\u00e4nkek\u00fchler freistehend oder Einbau?<\/h3>\n\n\n\n<p>Es gibt unterbauf\u00e4hige Getr\u00e4nkek\u00fchler f\u00fcr den Einbau in Bars oder K\u00fcchen. Freistehende Getr\u00e4nkek\u00fchler sind aber auch als Stand-Alone Ger\u00e4te einsetzbar. <\/p>\n\n\n\n<p>Hier gelangen Sie zur Auswahl unserer <a href=\"https:\/\/kleinhandelskg.at\/kuehltechnik\/gastro-kuehlschraenke\/getraenkekuehlschraenke\/\">Getr\u00e4nkek\u00fchlschr\u00e4nke<\/a><\/p>\n\n\n\n<p><\/p>\n","protected":false},"excerpt":{"rendered":"<p>Die Auswahl an Getr\u00e4nkek\u00fchlern ist gro\u00df&#8230; Getr\u00e4nkek\u00fchler sind in vielen verschiedenen Ausf\u00fchrungen erh\u00e4ltlich. Unterbaubare Getr\u00e4nkek\u00fchler oder Stand-Getr\u00e4nkek\u00fchler, mit Glast\u00fcr oder Vollt\u00fcr, statische bzw. stille K\u00fchlung oder leistungsstarke dynamische K\u00fchlung. Display-Getr\u00e4nkek\u00fchler oder kleine Thekenk\u00fchler. Ebenso ist eine Getr\u00e4nke-K\u00fchltruhe f\u00fcr die K\u00fchlung von Getr\u00e4nken sehr beliebt. Getr\u00e4nkek\u00fchler mit statischer K\u00fchlung oder Umluftk\u00fchlung? Getr\u00e4nkek\u00fchler mit dynamischer K\u00fchlung bzw. [&hellip;]<\/p>\n","protected":false},"author":1,"featured_media":1073,"comment_status":"closed","ping_status":"open","sticky":false,"template":"","format":"standard","meta":{"footnotes":""},"categories":[1],"tags":[],"class_list":["post-764","post","type-post","status-publish","format-standard","has-post-thumbnail","hentry","category-allgemein"],"yoast_head":"<!-- This site is optimized with the Yoast SEO plugin v26.6 - https:\/\/yoast.com\/wordpress\/plugins\/seo\/ -->\n<title>Getr\u00e4nkek\u00fchler in verschiedenen Ausf\u00fchrungen - KLEIN Handels KG<\/title>\n<meta name=\"description\" content=\"Getr\u00e4nkek\u00fchler mit Glast\u00fcr oder Vollt\u00fcr, statischer oder dynamischer K\u00fchlung. Die Auswahl an K\u00fchlern f\u00fcr Getr\u00e4nke ist gro\u00df.\" \/>\n<meta name=\"robots\" content=\"index, follow, max-snippet:-1, max-image-preview:large, max-video-preview:-1\" \/>\n<link rel=\"canonical\" href=\"https:\/\/kleinhandelskg.at\/blog\/getraenkekuehler\/\" \/>\n<meta property=\"og:locale\" content=\"de_DE\" \/>\n<meta property=\"og:type\" content=\"article\" \/>\n<meta property=\"og:title\" content=\"Getr\u00e4nkek\u00fchler in verschiedenen Ausf\u00fchrungen - KLEIN Handels KG\" \/>\n<meta property=\"og:description\" content=\"Getr\u00e4nkek\u00fchler mit Glast\u00fcr oder Vollt\u00fcr, statischer oder dynamischer K\u00fchlung. Die Auswahl an K\u00fchlern f\u00fcr Getr\u00e4nke ist gro\u00df.\" \/>\n<meta property=\"og:url\" content=\"https:\/\/kleinhandelskg.at\/blog\/getraenkekuehler\/\" \/>\n<meta property=\"og:site_name\" content=\"KLEIN Handels KG\" \/>\n<meta property=\"article:published_time\" content=\"2019-05-03T19:42:22+00:00\" \/>\n<meta property=\"article:modified_time\" content=\"2025-02-18T18:34:01+00:00\" \/>\n<meta property=\"og:image\" content=\"https:\/\/kleinhandelskg.at\/blog\/wp-content\/uploads\/2020\/08\/getraenke-kuehler-kuehlschraenke-kuehltruhen.jpg\" \/>\n\t<meta property=\"og:image:width\" content=\"661\" \/>\n\t<meta property=\"og:image:height\" content=\"500\" \/>\n\t<meta property=\"og:image:type\" content=\"image\/jpeg\" \/>\n<meta name=\"author\" content=\"KLEIN Handels KG\" \/>\n<meta name=\"twitter:card\" content=\"summary_large_image\" \/>\n<meta name=\"twitter:label1\" content=\"Verfasst von\" \/>\n\t<meta name=\"twitter:data1\" content=\"KLEIN Handels KG\" \/>\n\t<meta name=\"twitter:label2\" content=\"Gesch\u00e4tzte Lesezeit\" \/>\n\t<meta name=\"twitter:data2\" content=\"2\u00a0Minuten\" \/>\n<script type=\"application\/ld+json\" class=\"yoast-schema-graph\">{\"@context\":\"https:\/\/schema.org\",\"@graph\":[{\"@type\":\"WebPage\",\"@id\":\"https:\/\/kleinhandelskg.at\/blog\/getraenkekuehler\/\",\"url\":\"https:\/\/kleinhandelskg.at\/blog\/getraenkekuehler\/\",\"name\":\"Getr\u00e4nkek\u00fchler in verschiedenen Ausf\u00fchrungen - KLEIN Handels KG\",\"isPartOf\":{\"@id\":\"https:\/\/kleinhandelskg.at\/blog\/#website\"},\"primaryImageOfPage\":{\"@id\":\"https:\/\/kleinhandelskg.at\/blog\/getraenkekuehler\/#primaryimage\"},\"image\":{\"@id\":\"https:\/\/kleinhandelskg.at\/blog\/getraenkekuehler\/#primaryimage\"},\"thumbnailUrl\":\"https:\/\/kleinhandelskg.at\/blog\/wp-content\/uploads\/2020\/08\/getraenke-kuehler-kuehlschraenke-kuehltruhen.jpg\",\"datePublished\":\"2019-05-03T19:42:22+00:00\",\"dateModified\":\"2025-02-18T18:34:01+00:00\",\"author\":{\"@id\":\"https:\/\/kleinhandelskg.at\/blog\/#\/schema\/person\/dcca61c963f8ef3cce3b76386f94866c\"},\"description\":\"Getr\u00e4nkek\u00fchler mit Glast\u00fcr oder Vollt\u00fcr, statischer oder dynamischer K\u00fchlung. Die Auswahl an K\u00fchlern f\u00fcr Getr\u00e4nke ist gro\u00df.\",\"breadcrumb\":{\"@id\":\"https:\/\/kleinhandelskg.at\/blog\/getraenkekuehler\/#breadcrumb\"},\"inLanguage\":\"de\",\"potentialAction\":[{\"@type\":\"ReadAction\",\"target\":[\"https:\/\/kleinhandelskg.at\/blog\/getraenkekuehler\/\"]}]},{\"@type\":\"ImageObject\",\"inLanguage\":\"de\",\"@id\":\"https:\/\/kleinhandelskg.at\/blog\/getraenkekuehler\/#primaryimage\",\"url\":\"https:\/\/kleinhandelskg.at\/blog\/wp-content\/uploads\/2020\/08\/getraenke-kuehler-kuehlschraenke-kuehltruhen.jpg\",\"contentUrl\":\"https:\/\/kleinhandelskg.at\/blog\/wp-content\/uploads\/2020\/08\/getraenke-kuehler-kuehlschraenke-kuehltruhen.jpg\",\"width\":661,\"height\":500,\"caption\":\"Getr\u00e4nkek\u00fchler von Liebherr\"},{\"@type\":\"BreadcrumbList\",\"@id\":\"https:\/\/kleinhandelskg.at\/blog\/getraenkekuehler\/#breadcrumb\",\"itemListElement\":[{\"@type\":\"ListItem\",\"position\":1,\"name\":\"Startseite\",\"item\":\"https:\/\/kleinhandelskg.at\/blog\/\"},{\"@type\":\"ListItem\",\"position\":2,\"name\":\"Getr\u00e4nkek\u00fchler in verschiedenen Ausf\u00fchrungen\"}]},{\"@type\":\"WebSite\",\"@id\":\"https:\/\/kleinhandelskg.at\/blog\/#website\",\"url\":\"https:\/\/kleinhandelskg.at\/blog\/\",\"name\":\"KLEIN Handels KG\",\"description\":\"Hier finden Sie Informationen \u00fcber die von uns angebotenen Produkte\",\"potentialAction\":[{\"@type\":\"SearchAction\",\"target\":{\"@type\":\"EntryPoint\",\"urlTemplate\":\"https:\/\/kleinhandelskg.at\/blog\/?s={search_term_string}\"},\"query-input\":{\"@type\":\"PropertyValueSpecification\",\"valueRequired\":true,\"valueName\":\"search_term_string\"}}],\"inLanguage\":\"de\"},{\"@type\":\"Person\",\"@id\":\"https:\/\/kleinhandelskg.at\/blog\/#\/schema\/person\/dcca61c963f8ef3cce3b76386f94866c\",\"name\":\"KLEIN Handels KG\",\"image\":{\"@type\":\"ImageObject\",\"inLanguage\":\"de\",\"@id\":\"https:\/\/kleinhandelskg.at\/blog\/#\/schema\/person\/image\/\",\"url\":\"https:\/\/secure.gravatar.com\/avatar\/2325b8654060d82279d28774865a257cb20f7de63b6aa19d7273edddcd338b68?s=96&d=mm&r=g\",\"contentUrl\":\"https:\/\/secure.gravatar.com\/avatar\/2325b8654060d82279d28774865a257cb20f7de63b6aa19d7273edddcd338b68?s=96&d=mm&r=g\",\"caption\":\"KLEIN Handels KG\"}}]}<\/script>\n<!-- \/ Yoast SEO plugin. -->","yoast_head_json":{"title":"Getr\u00e4nkek\u00fchler in verschiedenen Ausf\u00fchrungen - KLEIN Handels KG","description":"Getr\u00e4nkek\u00fchler mit Glast\u00fcr oder Vollt\u00fcr, statischer oder dynamischer K\u00fchlung. Die Auswahl an K\u00fchlern f\u00fcr Getr\u00e4nke ist gro\u00df.","robots":{"index":"index","follow":"follow","max-snippet":"max-snippet:-1","max-image-preview":"max-image-preview:large","max-video-preview":"max-video-preview:-1"},"canonical":"https:\/\/kleinhandelskg.at\/blog\/getraenkekuehler\/","og_locale":"de_DE","og_type":"article","og_title":"Getr\u00e4nkek\u00fchler in verschiedenen Ausf\u00fchrungen - KLEIN Handels KG","og_description":"Getr\u00e4nkek\u00fchler mit Glast\u00fcr oder Vollt\u00fcr, statischer oder dynamischer K\u00fchlung. Die Auswahl an K\u00fchlern f\u00fcr Getr\u00e4nke ist gro\u00df.","og_url":"https:\/\/kleinhandelskg.at\/blog\/getraenkekuehler\/","og_site_name":"KLEIN Handels KG","article_published_time":"2019-05-03T19:42:22+00:00","article_modified_time":"2025-02-18T18:34:01+00:00","og_image":[{"width":661,"height":500,"url":"https:\/\/kleinhandelskg.at\/blog\/wp-content\/uploads\/2020\/08\/getraenke-kuehler-kuehlschraenke-kuehltruhen.jpg","type":"image\/jpeg"}],"author":"KLEIN Handels KG","twitter_card":"summary_large_image","twitter_misc":{"Verfasst von":"KLEIN Handels KG","Gesch\u00e4tzte Lesezeit":"2\u00a0Minuten"},"schema":{"@context":"https:\/\/schema.org","@graph":[{"@type":"WebPage","@id":"https:\/\/kleinhandelskg.at\/blog\/getraenkekuehler\/","url":"https:\/\/kleinhandelskg.at\/blog\/getraenkekuehler\/","name":"Getr\u00e4nkek\u00fchler in verschiedenen Ausf\u00fchrungen - KLEIN Handels KG","isPartOf":{"@id":"https:\/\/kleinhandelskg.at\/blog\/#website"},"primaryImageOfPage":{"@id":"https:\/\/kleinhandelskg.at\/blog\/getraenkekuehler\/#primaryimage"},"image":{"@id":"https:\/\/kleinhandelskg.at\/blog\/getraenkekuehler\/#primaryimage"},"thumbnailUrl":"https:\/\/kleinhandelskg.at\/blog\/wp-content\/uploads\/2020\/08\/getraenke-kuehler-kuehlschraenke-kuehltruhen.jpg","datePublished":"2019-05-03T19:42:22+00:00","dateModified":"2025-02-18T18:34:01+00:00","author":{"@id":"https:\/\/kleinhandelskg.at\/blog\/#\/schema\/person\/dcca61c963f8ef3cce3b76386f94866c"},"description":"Getr\u00e4nkek\u00fchler mit Glast\u00fcr oder Vollt\u00fcr, statischer oder dynamischer K\u00fchlung. Die Auswahl an K\u00fchlern f\u00fcr Getr\u00e4nke ist gro\u00df.","breadcrumb":{"@id":"https:\/\/kleinhandelskg.at\/blog\/getraenkekuehler\/#breadcrumb"},"inLanguage":"de","potentialAction":[{"@type":"ReadAction","target":["https:\/\/kleinhandelskg.at\/blog\/getraenkekuehler\/"]}]},{"@type":"ImageObject","inLanguage":"de","@id":"https:\/\/kleinhandelskg.at\/blog\/getraenkekuehler\/#primaryimage","url":"https:\/\/kleinhandelskg.at\/blog\/wp-content\/uploads\/2020\/08\/getraenke-kuehler-kuehlschraenke-kuehltruhen.jpg","contentUrl":"https:\/\/kleinhandelskg.at\/blog\/wp-content\/uploads\/2020\/08\/getraenke-kuehler-kuehlschraenke-kuehltruhen.jpg","width":661,"height":500,"caption":"Getr\u00e4nkek\u00fchler von Liebherr"},{"@type":"BreadcrumbList","@id":"https:\/\/kleinhandelskg.at\/blog\/getraenkekuehler\/#breadcrumb","itemListElement":[{"@type":"ListItem","position":1,"name":"Startseite","item":"https:\/\/kleinhandelskg.at\/blog\/"},{"@type":"ListItem","position":2,"name":"Getr\u00e4nkek\u00fchler in verschiedenen Ausf\u00fchrungen"}]},{"@type":"WebSite","@id":"https:\/\/kleinhandelskg.at\/blog\/#website","url":"https:\/\/kleinhandelskg.at\/blog\/","name":"KLEIN Handels KG","description":"Hier finden Sie Informationen \u00fcber die von uns angebotenen Produkte","potentialAction":[{"@type":"SearchAction","target":{"@type":"EntryPoint","urlTemplate":"https:\/\/kleinhandelskg.at\/blog\/?s={search_term_string}"},"query-input":{"@type":"PropertyValueSpecification","valueRequired":true,"valueName":"search_term_string"}}],"inLanguage":"de"},{"@type":"Person","@id":"https:\/\/kleinhandelskg.at\/blog\/#\/schema\/person\/dcca61c963f8ef3cce3b76386f94866c","name":"KLEIN Handels KG","image":{"@type":"ImageObject","inLanguage":"de","@id":"https:\/\/kleinhandelskg.at\/blog\/#\/schema\/person\/image\/","url":"https:\/\/secure.gravatar.com\/avatar\/2325b8654060d82279d28774865a257cb20f7de63b6aa19d7273edddcd338b68?s=96&d=mm&r=g","contentUrl":"https:\/\/secure.gravatar.com\/avatar\/2325b8654060d82279d28774865a257cb20f7de63b6aa19d7273edddcd338b68?s=96&d=mm&r=g","caption":"KLEIN Handels KG"}}]}},"_links":{"self":[{"href":"https:\/\/kleinhandelskg.at\/blog\/wp-json\/wp\/v2\/posts\/764","targetHints":{"allow":["GET"]}}],"collection":[{"href":"https:\/\/kleinhandelskg.at\/blog\/wp-json\/wp\/v2\/posts"}],"about":[{"href":"https:\/\/kleinhandelskg.at\/blog\/wp-json\/wp\/v2\/types\/post"}],"author":[{"embeddable":true,"href":"https:\/\/kleinhandelskg.at\/blog\/wp-json\/wp\/v2\/users\/1"}],"replies":[{"embeddable":true,"href":"https:\/\/kleinhandelskg.at\/blog\/wp-json\/wp\/v2\/comments?post=764"}],"version-history":[{"count":15,"href":"https:\/\/kleinhandelskg.at\/blog\/wp-json\/wp\/v2\/posts\/764\/revisions"}],"predecessor-version":[{"id":1533,"href":"https:\/\/kleinhandelskg.at\/blog\/wp-json\/wp\/v2\/posts\/764\/revisions\/1533"}],"wp:featuredmedia":[{"embeddable":true,"href":"https:\/\/kleinhandelskg.at\/blog\/wp-json\/wp\/v2\/media\/1073"}],"wp:attachment":[{"href":"https:\/\/kleinhandelskg.at\/blog\/wp-json\/wp\/v2\/media?parent=764"}],"wp:term":[{"taxonomy":"category","embeddable":true,"href":"https:\/\/kleinhandelskg.at\/blog\/wp-json\/wp\/v2\/categories?post=764"},{"taxonomy":"post_tag","embeddable":true,"href":"https:\/\/kleinhandelskg.at\/blog\/wp-json\/wp\/v2\/tags?post=764"}],"curies":[{"name":"wp","href":"https:\/\/api.w.org\/{rel}","templated":true}]}}