{"id":749,"date":"2019-04-28T02:08:57","date_gmt":"2019-04-28T00:08:57","guid":{"rendered":"https:\/\/kleinhandelskg.at\/blog\/?p=749"},"modified":"2023-10-12T21:10:06","modified_gmt":"2023-10-12T19:10:06","slug":"einbau-kuehlschrank","status":"publish","type":"post","link":"https:\/\/kleinhandelskg.at\/blog\/einbau-kuehlschrank\/","title":{"rendered":"Einbau K\u00fchlschrank f\u00fcr K\u00fcchenm\u00f6bel"},"content":{"rendered":"\n<p>Ein <a href=\"https:\/\/kleinhandelskg.at\/haushalts-kuehltechnik\/kuehlschraenke\/einbaukuehlschraenke\/\"><strong>Einbau<\/strong> <strong>K\u00fchlschrank<\/strong><\/a> l\u00e4sst sich perfekt in K\u00fcchenm\u00f6bel integrieren. Einbau <strong>K\u00fchlschr\u00e4nke<\/strong> sind in verschiedenen Ausstattungsvarianten und Gr\u00f6\u00dfen erh\u00e4ltlich. Einbau K\u00fchlschr\u00e4nke sind wahlweise mit oder ohne Gefrierfach verf\u00fcgbar.<br><\/p>\n\n\n\n<p>Einbauk\u00fchlschr\u00e4nke sind je nach Modell f\u00fcr <a href=\"https:\/\/kleinhandelskg.at\/blog\/einbaukuehlschrank-fuer-schlepptuer-oder-festtuermontage\/\">Schleppt\u00fcr- oder  Festt\u00fcrmontage<\/a> erh\u00e4ltlich. <\/p>\n\n\n\n<h2 class=\"wp-block-heading\">Einbauk\u00fchlschr\u00e4nke ben\u00f6tigen ausreichend Zu- und Abluft<\/h2>\n\n\n\n<p>Bitte beachten Sie, dass beim Einbau eines K\u00fchlschranks in ein M\u00f6bel f\u00fcr die entsprechende Be- und Entl\u00fcftung des K\u00fchlschranks gesorgt werden muss.<\/p>\n\n\n\n<p><\/p>\n","protected":false},"excerpt":{"rendered":"<p>Ein Einbau K\u00fchlschrank l\u00e4sst sich perfekt in K\u00fcchenm\u00f6bel integrieren. Einbau K\u00fchlschr\u00e4nke sind in verschiedenen Ausstattungsvarianten und Gr\u00f6\u00dfen erh\u00e4ltlich. Einbau K\u00fchlschr\u00e4nke sind wahlweise mit oder ohne Gefrierfach verf\u00fcgbar. Einbauk\u00fchlschr\u00e4nke sind je nach Modell f\u00fcr Schleppt\u00fcr- oder Festt\u00fcrmontage erh\u00e4ltlich. Einbauk\u00fchlschr\u00e4nke ben\u00f6tigen ausreichend Zu- und Abluft Bitte beachten Sie, dass beim Einbau eines K\u00fchlschranks in ein M\u00f6bel f\u00fcr [&hellip;]<\/p>\n","protected":false},"author":1,"featured_media":1075,"comment_status":"closed","ping_status":"open","sticky":false,"template":"","format":"standard","meta":{"footnotes":""},"categories":[1,106],"tags":[],"class_list":["post-749","post","type-post","status-publish","format-standard","has-post-thumbnail","hentry","category-allgemein","category-einbau-kuehlschrank"],"yoast_head":"<!-- This site is optimized with the Yoast SEO plugin v26.6 - https:\/\/yoast.com\/wordpress\/plugins\/seo\/ -->\n<title>Einbau K\u00fchlschrank f\u00fcr K\u00fcchenm\u00f6bel - KLEIN Handels KG<\/title>\n<meta name=\"description\" content=\"Einbau K\u00fchlschrank f\u00fcr den Einbau in K\u00fcchenm\u00f6bel in verschiedenen Ausstattungsvarianten und Gr\u00f6\u00dfen. Einbauk\u00fchlschr\u00e4nke passen perfekt in K\u00fcchen.\" \/>\n<meta name=\"robots\" content=\"index, follow, max-snippet:-1, max-image-preview:large, max-video-preview:-1\" \/>\n<link rel=\"canonical\" href=\"https:\/\/kleinhandelskg.at\/blog\/einbau-kuehlschrank\/\" \/>\n<meta property=\"og:locale\" content=\"de_DE\" \/>\n<meta property=\"og:type\" content=\"article\" \/>\n<meta property=\"og:title\" content=\"Einbau K\u00fchlschrank f\u00fcr K\u00fcchenm\u00f6bel - KLEIN Handels KG\" \/>\n<meta property=\"og:description\" content=\"Einbau K\u00fchlschrank f\u00fcr den Einbau in K\u00fcchenm\u00f6bel in verschiedenen Ausstattungsvarianten und Gr\u00f6\u00dfen. Einbauk\u00fchlschr\u00e4nke passen perfekt in K\u00fcchen.\" \/>\n<meta property=\"og:url\" content=\"https:\/\/kleinhandelskg.at\/blog\/einbau-kuehlschrank\/\" \/>\n<meta property=\"og:site_name\" content=\"KLEIN Handels KG\" \/>\n<meta property=\"article:published_time\" content=\"2019-04-28T00:08:57+00:00\" \/>\n<meta property=\"article:modified_time\" content=\"2023-10-12T19:10:06+00:00\" \/>\n<meta property=\"og:image\" content=\"https:\/\/kleinhandelskg.at\/blog\/wp-content\/uploads\/2020\/08\/einbau-kuehlschraenke-festtuer-schlepptuer-1.jpg\" \/>\n\t<meta property=\"og:image:width\" content=\"661\" \/>\n\t<meta property=\"og:image:height\" content=\"500\" \/>\n\t<meta property=\"og:image:type\" content=\"image\/jpeg\" \/>\n<meta name=\"author\" content=\"KLEIN Handels KG\" \/>\n<meta name=\"twitter:card\" content=\"summary_large_image\" \/>\n<meta name=\"twitter:label1\" content=\"Verfasst von\" \/>\n\t<meta name=\"twitter:data1\" content=\"KLEIN Handels KG\" \/>\n\t<meta name=\"twitter:label2\" content=\"Gesch\u00e4tzte Lesezeit\" \/>\n\t<meta name=\"twitter:data2\" content=\"1\u00a0Minute\" \/>\n<script type=\"application\/ld+json\" class=\"yoast-schema-graph\">{\"@context\":\"https:\/\/schema.org\",\"@graph\":[{\"@type\":\"WebPage\",\"@id\":\"https:\/\/kleinhandelskg.at\/blog\/einbau-kuehlschrank\/\",\"url\":\"https:\/\/kleinhandelskg.at\/blog\/einbau-kuehlschrank\/\",\"name\":\"Einbau K\u00fchlschrank f\u00fcr K\u00fcchenm\u00f6bel - KLEIN Handels KG\",\"isPartOf\":{\"@id\":\"https:\/\/kleinhandelskg.at\/blog\/#website\"},\"primaryImageOfPage\":{\"@id\":\"https:\/\/kleinhandelskg.at\/blog\/einbau-kuehlschrank\/#primaryimage\"},\"image\":{\"@id\":\"https:\/\/kleinhandelskg.at\/blog\/einbau-kuehlschrank\/#primaryimage\"},\"thumbnailUrl\":\"https:\/\/kleinhandelskg.at\/blog\/wp-content\/uploads\/2020\/08\/einbau-kuehlschraenke-festtuer-schlepptuer-1.jpg\",\"datePublished\":\"2019-04-28T00:08:57+00:00\",\"dateModified\":\"2023-10-12T19:10:06+00:00\",\"author\":{\"@id\":\"https:\/\/kleinhandelskg.at\/blog\/#\/schema\/person\/dcca61c963f8ef3cce3b76386f94866c\"},\"description\":\"Einbau K\u00fchlschrank f\u00fcr den Einbau in K\u00fcchenm\u00f6bel in verschiedenen Ausstattungsvarianten und Gr\u00f6\u00dfen. Einbauk\u00fchlschr\u00e4nke passen perfekt in K\u00fcchen.\",\"breadcrumb\":{\"@id\":\"https:\/\/kleinhandelskg.at\/blog\/einbau-kuehlschrank\/#breadcrumb\"},\"inLanguage\":\"de\",\"potentialAction\":[{\"@type\":\"ReadAction\",\"target\":[\"https:\/\/kleinhandelskg.at\/blog\/einbau-kuehlschrank\/\"]}]},{\"@type\":\"ImageObject\",\"inLanguage\":\"de\",\"@id\":\"https:\/\/kleinhandelskg.at\/blog\/einbau-kuehlschrank\/#primaryimage\",\"url\":\"https:\/\/kleinhandelskg.at\/blog\/wp-content\/uploads\/2020\/08\/einbau-kuehlschraenke-festtuer-schlepptuer-1.jpg\",\"contentUrl\":\"https:\/\/kleinhandelskg.at\/blog\/wp-content\/uploads\/2020\/08\/einbau-kuehlschraenke-festtuer-schlepptuer-1.jpg\",\"width\":661,\"height\":500,\"caption\":\"Einbau K\u00fchlschrank f\u00fcr K\u00fcchenm\u00f6bel\"},{\"@type\":\"BreadcrumbList\",\"@id\":\"https:\/\/kleinhandelskg.at\/blog\/einbau-kuehlschrank\/#breadcrumb\",\"itemListElement\":[{\"@type\":\"ListItem\",\"position\":1,\"name\":\"Startseite\",\"item\":\"https:\/\/kleinhandelskg.at\/blog\/\"},{\"@type\":\"ListItem\",\"position\":2,\"name\":\"Einbau K\u00fchlschrank f\u00fcr K\u00fcchenm\u00f6bel\"}]},{\"@type\":\"WebSite\",\"@id\":\"https:\/\/kleinhandelskg.at\/blog\/#website\",\"url\":\"https:\/\/kleinhandelskg.at\/blog\/\",\"name\":\"KLEIN Handels KG\",\"description\":\"Hier finden Sie Informationen \u00fcber die von uns angebotenen Produkte\",\"potentialAction\":[{\"@type\":\"SearchAction\",\"target\":{\"@type\":\"EntryPoint\",\"urlTemplate\":\"https:\/\/kleinhandelskg.at\/blog\/?s={search_term_string}\"},\"query-input\":{\"@type\":\"PropertyValueSpecification\",\"valueRequired\":true,\"valueName\":\"search_term_string\"}}],\"inLanguage\":\"de\"},{\"@type\":\"Person\",\"@id\":\"https:\/\/kleinhandelskg.at\/blog\/#\/schema\/person\/dcca61c963f8ef3cce3b76386f94866c\",\"name\":\"KLEIN Handels KG\",\"image\":{\"@type\":\"ImageObject\",\"inLanguage\":\"de\",\"@id\":\"https:\/\/kleinhandelskg.at\/blog\/#\/schema\/person\/image\/\",\"url\":\"https:\/\/secure.gravatar.com\/avatar\/2325b8654060d82279d28774865a257cb20f7de63b6aa19d7273edddcd338b68?s=96&d=mm&r=g\",\"contentUrl\":\"https:\/\/secure.gravatar.com\/avatar\/2325b8654060d82279d28774865a257cb20f7de63b6aa19d7273edddcd338b68?s=96&d=mm&r=g\",\"caption\":\"KLEIN Handels KG\"}}]}<\/script>\n<!-- \/ Yoast SEO plugin. -->","yoast_head_json":{"title":"Einbau K\u00fchlschrank f\u00fcr K\u00fcchenm\u00f6bel - KLEIN Handels KG","description":"Einbau K\u00fchlschrank f\u00fcr den Einbau in K\u00fcchenm\u00f6bel in verschiedenen Ausstattungsvarianten und Gr\u00f6\u00dfen. Einbauk\u00fchlschr\u00e4nke passen perfekt in K\u00fcchen.","robots":{"index":"index","follow":"follow","max-snippet":"max-snippet:-1","max-image-preview":"max-image-preview:large","max-video-preview":"max-video-preview:-1"},"canonical":"https:\/\/kleinhandelskg.at\/blog\/einbau-kuehlschrank\/","og_locale":"de_DE","og_type":"article","og_title":"Einbau K\u00fchlschrank f\u00fcr K\u00fcchenm\u00f6bel - KLEIN Handels KG","og_description":"Einbau K\u00fchlschrank f\u00fcr den Einbau in K\u00fcchenm\u00f6bel in verschiedenen Ausstattungsvarianten und Gr\u00f6\u00dfen. Einbauk\u00fchlschr\u00e4nke passen perfekt in K\u00fcchen.","og_url":"https:\/\/kleinhandelskg.at\/blog\/einbau-kuehlschrank\/","og_site_name":"KLEIN Handels KG","article_published_time":"2019-04-28T00:08:57+00:00","article_modified_time":"2023-10-12T19:10:06+00:00","og_image":[{"width":661,"height":500,"url":"https:\/\/kleinhandelskg.at\/blog\/wp-content\/uploads\/2020\/08\/einbau-kuehlschraenke-festtuer-schlepptuer-1.jpg","type":"image\/jpeg"}],"author":"KLEIN Handels KG","twitter_card":"summary_large_image","twitter_misc":{"Verfasst von":"KLEIN Handels KG","Gesch\u00e4tzte Lesezeit":"1\u00a0Minute"},"schema":{"@context":"https:\/\/schema.org","@graph":[{"@type":"WebPage","@id":"https:\/\/kleinhandelskg.at\/blog\/einbau-kuehlschrank\/","url":"https:\/\/kleinhandelskg.at\/blog\/einbau-kuehlschrank\/","name":"Einbau K\u00fchlschrank f\u00fcr K\u00fcchenm\u00f6bel - KLEIN Handels KG","isPartOf":{"@id":"https:\/\/kleinhandelskg.at\/blog\/#website"},"primaryImageOfPage":{"@id":"https:\/\/kleinhandelskg.at\/blog\/einbau-kuehlschrank\/#primaryimage"},"image":{"@id":"https:\/\/kleinhandelskg.at\/blog\/einbau-kuehlschrank\/#primaryimage"},"thumbnailUrl":"https:\/\/kleinhandelskg.at\/blog\/wp-content\/uploads\/2020\/08\/einbau-kuehlschraenke-festtuer-schlepptuer-1.jpg","datePublished":"2019-04-28T00:08:57+00:00","dateModified":"2023-10-12T19:10:06+00:00","author":{"@id":"https:\/\/kleinhandelskg.at\/blog\/#\/schema\/person\/dcca61c963f8ef3cce3b76386f94866c"},"description":"Einbau K\u00fchlschrank f\u00fcr den Einbau in K\u00fcchenm\u00f6bel in verschiedenen Ausstattungsvarianten und Gr\u00f6\u00dfen. Einbauk\u00fchlschr\u00e4nke passen perfekt in K\u00fcchen.","breadcrumb":{"@id":"https:\/\/kleinhandelskg.at\/blog\/einbau-kuehlschrank\/#breadcrumb"},"inLanguage":"de","potentialAction":[{"@type":"ReadAction","target":["https:\/\/kleinhandelskg.at\/blog\/einbau-kuehlschrank\/"]}]},{"@type":"ImageObject","inLanguage":"de","@id":"https:\/\/kleinhandelskg.at\/blog\/einbau-kuehlschrank\/#primaryimage","url":"https:\/\/kleinhandelskg.at\/blog\/wp-content\/uploads\/2020\/08\/einbau-kuehlschraenke-festtuer-schlepptuer-1.jpg","contentUrl":"https:\/\/kleinhandelskg.at\/blog\/wp-content\/uploads\/2020\/08\/einbau-kuehlschraenke-festtuer-schlepptuer-1.jpg","width":661,"height":500,"caption":"Einbau K\u00fchlschrank f\u00fcr K\u00fcchenm\u00f6bel"},{"@type":"BreadcrumbList","@id":"https:\/\/kleinhandelskg.at\/blog\/einbau-kuehlschrank\/#breadcrumb","itemListElement":[{"@type":"ListItem","position":1,"name":"Startseite","item":"https:\/\/kleinhandelskg.at\/blog\/"},{"@type":"ListItem","position":2,"name":"Einbau K\u00fchlschrank f\u00fcr K\u00fcchenm\u00f6bel"}]},{"@type":"WebSite","@id":"https:\/\/kleinhandelskg.at\/blog\/#website","url":"https:\/\/kleinhandelskg.at\/blog\/","name":"KLEIN Handels KG","description":"Hier finden Sie Informationen \u00fcber die von uns angebotenen Produkte","potentialAction":[{"@type":"SearchAction","target":{"@type":"EntryPoint","urlTemplate":"https:\/\/kleinhandelskg.at\/blog\/?s={search_term_string}"},"query-input":{"@type":"PropertyValueSpecification","valueRequired":true,"valueName":"search_term_string"}}],"inLanguage":"de"},{"@type":"Person","@id":"https:\/\/kleinhandelskg.at\/blog\/#\/schema\/person\/dcca61c963f8ef3cce3b76386f94866c","name":"KLEIN Handels KG","image":{"@type":"ImageObject","inLanguage":"de","@id":"https:\/\/kleinhandelskg.at\/blog\/#\/schema\/person\/image\/","url":"https:\/\/secure.gravatar.com\/avatar\/2325b8654060d82279d28774865a257cb20f7de63b6aa19d7273edddcd338b68?s=96&d=mm&r=g","contentUrl":"https:\/\/secure.gravatar.com\/avatar\/2325b8654060d82279d28774865a257cb20f7de63b6aa19d7273edddcd338b68?s=96&d=mm&r=g","caption":"KLEIN Handels KG"}}]}},"_links":{"self":[{"href":"https:\/\/kleinhandelskg.at\/blog\/wp-json\/wp\/v2\/posts\/749","targetHints":{"allow":["GET"]}}],"collection":[{"href":"https:\/\/kleinhandelskg.at\/blog\/wp-json\/wp\/v2\/posts"}],"about":[{"href":"https:\/\/kleinhandelskg.at\/blog\/wp-json\/wp\/v2\/types\/post"}],"author":[{"embeddable":true,"href":"https:\/\/kleinhandelskg.at\/blog\/wp-json\/wp\/v2\/users\/1"}],"replies":[{"embeddable":true,"href":"https:\/\/kleinhandelskg.at\/blog\/wp-json\/wp\/v2\/comments?post=749"}],"version-history":[{"count":7,"href":"https:\/\/kleinhandelskg.at\/blog\/wp-json\/wp\/v2\/posts\/749\/revisions"}],"predecessor-version":[{"id":1459,"href":"https:\/\/kleinhandelskg.at\/blog\/wp-json\/wp\/v2\/posts\/749\/revisions\/1459"}],"wp:featuredmedia":[{"embeddable":true,"href":"https:\/\/kleinhandelskg.at\/blog\/wp-json\/wp\/v2\/media\/1075"}],"wp:attachment":[{"href":"https:\/\/kleinhandelskg.at\/blog\/wp-json\/wp\/v2\/media?parent=749"}],"wp:term":[{"taxonomy":"category","embeddable":true,"href":"https:\/\/kleinhandelskg.at\/blog\/wp-json\/wp\/v2\/categories?post=749"},{"taxonomy":"post_tag","embeddable":true,"href":"https:\/\/kleinhandelskg.at\/blog\/wp-json\/wp\/v2\/tags?post=749"}],"curies":[{"name":"wp","href":"https:\/\/api.w.org\/{rel}","templated":true}]}}