{"id":141,"date":"2019-04-10T22:30:02","date_gmt":"2019-04-10T20:30:02","guid":{"rendered":"https:\/\/kleinhandelskg.at\/blog\/?p=141"},"modified":"2023-05-23T10:44:29","modified_gmt":"2023-05-23T08:44:29","slug":"kuehlschrank-grosshandel-wien","status":"publish","type":"post","link":"https:\/\/kleinhandelskg.at\/blog\/kuehlschrank-grosshandel-wien\/","title":{"rendered":"K\u00fchlschrank Gro\u00dfhandel in Wien"},"content":{"rendered":"\n<p>Geboten wird eine gro\u00dfe Auswahl an K\u00fchlschr\u00e4nken f\u00fcr die gewerbliche Nutzung im Handel, in der Industrie sowie in der Gastronomie.<\/p>\n\n\n\n<ul class=\"wp-block-list\">\n<li>B\u00e4ckerei K\u00fchlschr\u00e4nke <\/li>\n\n\n\n<li><a href=\"https:\/\/kleinhandelskg.at\/kuehltechnik\/gastro-kuehlschraenke\/\">Gastronomie K\u00fchlschr\u00e4nke<\/a> &#8211; Ger\u00e4te f\u00fcr den harten Einsatz in der Gastronomie, Gastronorm GN 1\/1 und GN 2\/1<\/li>\n\n\n\n<li><a href=\"https:\/\/kleinhandelskg.at\/kuehltechnik\/gastro-kuehlschraenke\/getraenkekuehlschraenke\/\">Getr\u00e4nke K\u00fchlschr\u00e4nke<\/a> (wahlweise als Stand K\u00fchlger\u00e4te oder Unterbau K\u00fchlger\u00e4te erh\u00e4ltlich) Getr\u00e4nkek\u00fchlschr\u00e4nke mit oder ohne Glast\u00fcr, Display K\u00fchlschr\u00e4nke f\u00fcr die optimale Warenpr\u00e4sentation<\/li>\n\n\n\n<li><a href=\"https:\/\/kleinhandelskg.at\/haushalts-kuehltechnik\/kuehlschraenke\/\">K\u00fchlschr\u00e4nke f\u00fcr den Haushalt<\/a><\/li>\n\n\n\n<li><a href=\"https:\/\/kleinhandelskg.at\/getraenke-kuehlgeraete\/getraenke-stand-kuehlgeraete\/thekenkuehlgeraet-verkaufsfoerderung\/\">Thekenk\u00fchlschr\u00e4nke<\/a><\/li>\n\n\n\n<li><a href=\"https:\/\/kleinhandelskg.at\/kuehltechnik\/gastro-kuehlschraenke\/weinkuehlschraenke\/\">K\u00fchlschr\u00e4nke f\u00fcr die Lagerung von Wein<\/a> (Weintemperierschr\u00e4nke und Weinklimaschr\u00e4nke wahlweise als Einbau oder Standger\u00e4t erh\u00e4ltlich)<\/li>\n\n\n\n<li><a href=\"https:\/\/kleinhandelskg.at\/kuehltechnik\/gastro-kuehlschraenke\/lagerkuehlschraenke\/\">Lager K\u00fchlschr\u00e4nke<\/a><\/li>\n\n\n\n<li><a href=\"https:\/\/kleinhandelskg.at\/kuehltechnik\/gastro-kuehlschraenke\/gemeinschaftkuehlschraenke\/\">K\u00fchlschr\u00e4nke f\u00fcr die Gemeinschaftsverpflegung<\/a><\/li>\n<\/ul>\n\n\n\n<p>Bei uns finden Sie mit Sicherheit den richtigen K\u00fchlschrank f\u00fcr den Einsatz im Gewerbe.<\/p>\n\n\n\n<p>Bei offenen Fragen zu den von uns angeboten K\u00fchlschr\u00e4nken, stehen wir Ihnen gerne jederzeit zur Verf\u00fcgung.<\/p>\n\n\n\n<p>Ihr zuverl\u00e4ssiger Gro\u00dfhandel f\u00fcr K\u00fchlschr\u00e4nke in Wien<\/p>\n\n\n\n<p>Geliefert wird in alle Bundesl\u00e4nder zu fairen Preisen.<\/p>\n","protected":false},"excerpt":{"rendered":"<p>Geboten wird eine gro\u00dfe Auswahl an K\u00fchlschr\u00e4nken f\u00fcr die gewerbliche Nutzung im Handel, in der Industrie sowie in der Gastronomie. Bei uns finden Sie mit Sicherheit den richtigen K\u00fchlschrank f\u00fcr den Einsatz im Gewerbe. Bei offenen Fragen zu den von uns angeboten K\u00fchlschr\u00e4nken, stehen wir Ihnen gerne jederzeit zur Verf\u00fcgung. Ihr zuverl\u00e4ssiger Gro\u00dfhandel f\u00fcr K\u00fchlschr\u00e4nke [&hellip;]<\/p>\n","protected":false},"author":1,"featured_media":1131,"comment_status":"closed","ping_status":"open","sticky":false,"template":"","format":"standard","meta":{"footnotes":""},"categories":[1],"tags":[],"class_list":["post-141","post","type-post","status-publish","format-standard","has-post-thumbnail","hentry","category-allgemein"],"yoast_head":"<!-- This site is optimized with the Yoast SEO plugin v26.6 - https:\/\/yoast.com\/wordpress\/plugins\/seo\/ -->\n<title>K\u00fchlschrank Gro\u00dfhandel in Wien - KLEIN Handels KG<\/title>\n<meta name=\"description\" content=\"Die KLEIN Handels KG ist Ihr zuverl\u00e4sser K\u00fchlschrank Gro\u00dfhandel in Wien. \u00d6sterreichweiter Versand m\u00f6glich.\" \/>\n<meta name=\"robots\" content=\"index, follow, max-snippet:-1, max-image-preview:large, max-video-preview:-1\" \/>\n<link rel=\"canonical\" href=\"https:\/\/kleinhandelskg.at\/blog\/kuehlschrank-grosshandel-wien\/\" \/>\n<meta property=\"og:locale\" content=\"de_DE\" \/>\n<meta property=\"og:type\" content=\"article\" \/>\n<meta property=\"og:title\" content=\"K\u00fchlschrank Gro\u00dfhandel in Wien - KLEIN Handels KG\" \/>\n<meta property=\"og:description\" content=\"Die KLEIN Handels KG ist Ihr zuverl\u00e4sser K\u00fchlschrank Gro\u00dfhandel in Wien. \u00d6sterreichweiter Versand m\u00f6glich.\" \/>\n<meta property=\"og:url\" content=\"https:\/\/kleinhandelskg.at\/blog\/kuehlschrank-grosshandel-wien\/\" \/>\n<meta property=\"og:site_name\" content=\"KLEIN Handels KG\" \/>\n<meta property=\"article:published_time\" content=\"2019-04-10T20:30:02+00:00\" \/>\n<meta property=\"article:modified_time\" content=\"2023-05-23T08:44:29+00:00\" \/>\n<meta property=\"og:image\" content=\"https:\/\/kleinhandelskg.at\/blog\/wp-content\/uploads\/2020\/08\/kuehlschrank-gefrierschrank-grosshandel-wien.jpg\" \/>\n\t<meta property=\"og:image:width\" content=\"661\" \/>\n\t<meta property=\"og:image:height\" content=\"500\" \/>\n\t<meta property=\"og:image:type\" content=\"image\/jpeg\" \/>\n<meta name=\"author\" content=\"KLEIN Handels KG\" \/>\n<meta name=\"twitter:card\" content=\"summary_large_image\" \/>\n<meta name=\"twitter:label1\" content=\"Verfasst von\" \/>\n\t<meta name=\"twitter:data1\" content=\"KLEIN Handels KG\" \/>\n\t<meta name=\"twitter:label2\" content=\"Gesch\u00e4tzte Lesezeit\" \/>\n\t<meta name=\"twitter:data2\" content=\"1\u00a0Minute\" \/>\n<script type=\"application\/ld+json\" class=\"yoast-schema-graph\">{\"@context\":\"https:\/\/schema.org\",\"@graph\":[{\"@type\":\"WebPage\",\"@id\":\"https:\/\/kleinhandelskg.at\/blog\/kuehlschrank-grosshandel-wien\/\",\"url\":\"https:\/\/kleinhandelskg.at\/blog\/kuehlschrank-grosshandel-wien\/\",\"name\":\"K\u00fchlschrank Gro\u00dfhandel in Wien - KLEIN Handels KG\",\"isPartOf\":{\"@id\":\"https:\/\/kleinhandelskg.at\/blog\/#website\"},\"primaryImageOfPage\":{\"@id\":\"https:\/\/kleinhandelskg.at\/blog\/kuehlschrank-grosshandel-wien\/#primaryimage\"},\"image\":{\"@id\":\"https:\/\/kleinhandelskg.at\/blog\/kuehlschrank-grosshandel-wien\/#primaryimage\"},\"thumbnailUrl\":\"https:\/\/kleinhandelskg.at\/blog\/wp-content\/uploads\/2020\/08\/kuehlschrank-gefrierschrank-grosshandel-wien.jpg\",\"datePublished\":\"2019-04-10T20:30:02+00:00\",\"dateModified\":\"2023-05-23T08:44:29+00:00\",\"author\":{\"@id\":\"https:\/\/kleinhandelskg.at\/blog\/#\/schema\/person\/dcca61c963f8ef3cce3b76386f94866c\"},\"description\":\"Die KLEIN Handels KG ist Ihr zuverl\u00e4sser K\u00fchlschrank Gro\u00dfhandel in Wien. \u00d6sterreichweiter Versand m\u00f6glich.\",\"breadcrumb\":{\"@id\":\"https:\/\/kleinhandelskg.at\/blog\/kuehlschrank-grosshandel-wien\/#breadcrumb\"},\"inLanguage\":\"de\",\"potentialAction\":[{\"@type\":\"ReadAction\",\"target\":[\"https:\/\/kleinhandelskg.at\/blog\/kuehlschrank-grosshandel-wien\/\"]}]},{\"@type\":\"ImageObject\",\"inLanguage\":\"de\",\"@id\":\"https:\/\/kleinhandelskg.at\/blog\/kuehlschrank-grosshandel-wien\/#primaryimage\",\"url\":\"https:\/\/kleinhandelskg.at\/blog\/wp-content\/uploads\/2020\/08\/kuehlschrank-gefrierschrank-grosshandel-wien.jpg\",\"contentUrl\":\"https:\/\/kleinhandelskg.at\/blog\/wp-content\/uploads\/2020\/08\/kuehlschrank-gefrierschrank-grosshandel-wien.jpg\",\"width\":661,\"height\":500,\"caption\":\"Gro\u00dfhandel f\u00fcr K\u00fchlschr\u00e4nke sowie Gefrierschr\u00e4nke in Wien\"},{\"@type\":\"BreadcrumbList\",\"@id\":\"https:\/\/kleinhandelskg.at\/blog\/kuehlschrank-grosshandel-wien\/#breadcrumb\",\"itemListElement\":[{\"@type\":\"ListItem\",\"position\":1,\"name\":\"Startseite\",\"item\":\"https:\/\/kleinhandelskg.at\/blog\/\"},{\"@type\":\"ListItem\",\"position\":2,\"name\":\"K\u00fchlschrank Gro\u00dfhandel in Wien\"}]},{\"@type\":\"WebSite\",\"@id\":\"https:\/\/kleinhandelskg.at\/blog\/#website\",\"url\":\"https:\/\/kleinhandelskg.at\/blog\/\",\"name\":\"KLEIN Handels KG\",\"description\":\"Hier finden Sie Informationen \u00fcber die von uns angebotenen Produkte\",\"potentialAction\":[{\"@type\":\"SearchAction\",\"target\":{\"@type\":\"EntryPoint\",\"urlTemplate\":\"https:\/\/kleinhandelskg.at\/blog\/?s={search_term_string}\"},\"query-input\":{\"@type\":\"PropertyValueSpecification\",\"valueRequired\":true,\"valueName\":\"search_term_string\"}}],\"inLanguage\":\"de\"},{\"@type\":\"Person\",\"@id\":\"https:\/\/kleinhandelskg.at\/blog\/#\/schema\/person\/dcca61c963f8ef3cce3b76386f94866c\",\"name\":\"KLEIN Handels KG\",\"image\":{\"@type\":\"ImageObject\",\"inLanguage\":\"de\",\"@id\":\"https:\/\/kleinhandelskg.at\/blog\/#\/schema\/person\/image\/\",\"url\":\"https:\/\/secure.gravatar.com\/avatar\/2325b8654060d82279d28774865a257cb20f7de63b6aa19d7273edddcd338b68?s=96&d=mm&r=g\",\"contentUrl\":\"https:\/\/secure.gravatar.com\/avatar\/2325b8654060d82279d28774865a257cb20f7de63b6aa19d7273edddcd338b68?s=96&d=mm&r=g\",\"caption\":\"KLEIN Handels KG\"}}]}<\/script>\n<!-- \/ Yoast SEO plugin. -->","yoast_head_json":{"title":"K\u00fchlschrank Gro\u00dfhandel in Wien - KLEIN Handels KG","description":"Die KLEIN Handels KG ist Ihr zuverl\u00e4sser K\u00fchlschrank Gro\u00dfhandel in Wien. \u00d6sterreichweiter Versand m\u00f6glich.","robots":{"index":"index","follow":"follow","max-snippet":"max-snippet:-1","max-image-preview":"max-image-preview:large","max-video-preview":"max-video-preview:-1"},"canonical":"https:\/\/kleinhandelskg.at\/blog\/kuehlschrank-grosshandel-wien\/","og_locale":"de_DE","og_type":"article","og_title":"K\u00fchlschrank Gro\u00dfhandel in Wien - KLEIN Handels KG","og_description":"Die KLEIN Handels KG ist Ihr zuverl\u00e4sser K\u00fchlschrank Gro\u00dfhandel in Wien. \u00d6sterreichweiter Versand m\u00f6glich.","og_url":"https:\/\/kleinhandelskg.at\/blog\/kuehlschrank-grosshandel-wien\/","og_site_name":"KLEIN Handels KG","article_published_time":"2019-04-10T20:30:02+00:00","article_modified_time":"2023-05-23T08:44:29+00:00","og_image":[{"width":661,"height":500,"url":"https:\/\/kleinhandelskg.at\/blog\/wp-content\/uploads\/2020\/08\/kuehlschrank-gefrierschrank-grosshandel-wien.jpg","type":"image\/jpeg"}],"author":"KLEIN Handels KG","twitter_card":"summary_large_image","twitter_misc":{"Verfasst von":"KLEIN Handels KG","Gesch\u00e4tzte Lesezeit":"1\u00a0Minute"},"schema":{"@context":"https:\/\/schema.org","@graph":[{"@type":"WebPage","@id":"https:\/\/kleinhandelskg.at\/blog\/kuehlschrank-grosshandel-wien\/","url":"https:\/\/kleinhandelskg.at\/blog\/kuehlschrank-grosshandel-wien\/","name":"K\u00fchlschrank Gro\u00dfhandel in Wien - KLEIN Handels KG","isPartOf":{"@id":"https:\/\/kleinhandelskg.at\/blog\/#website"},"primaryImageOfPage":{"@id":"https:\/\/kleinhandelskg.at\/blog\/kuehlschrank-grosshandel-wien\/#primaryimage"},"image":{"@id":"https:\/\/kleinhandelskg.at\/blog\/kuehlschrank-grosshandel-wien\/#primaryimage"},"thumbnailUrl":"https:\/\/kleinhandelskg.at\/blog\/wp-content\/uploads\/2020\/08\/kuehlschrank-gefrierschrank-grosshandel-wien.jpg","datePublished":"2019-04-10T20:30:02+00:00","dateModified":"2023-05-23T08:44:29+00:00","author":{"@id":"https:\/\/kleinhandelskg.at\/blog\/#\/schema\/person\/dcca61c963f8ef3cce3b76386f94866c"},"description":"Die KLEIN Handels KG ist Ihr zuverl\u00e4sser K\u00fchlschrank Gro\u00dfhandel in Wien. \u00d6sterreichweiter Versand m\u00f6glich.","breadcrumb":{"@id":"https:\/\/kleinhandelskg.at\/blog\/kuehlschrank-grosshandel-wien\/#breadcrumb"},"inLanguage":"de","potentialAction":[{"@type":"ReadAction","target":["https:\/\/kleinhandelskg.at\/blog\/kuehlschrank-grosshandel-wien\/"]}]},{"@type":"ImageObject","inLanguage":"de","@id":"https:\/\/kleinhandelskg.at\/blog\/kuehlschrank-grosshandel-wien\/#primaryimage","url":"https:\/\/kleinhandelskg.at\/blog\/wp-content\/uploads\/2020\/08\/kuehlschrank-gefrierschrank-grosshandel-wien.jpg","contentUrl":"https:\/\/kleinhandelskg.at\/blog\/wp-content\/uploads\/2020\/08\/kuehlschrank-gefrierschrank-grosshandel-wien.jpg","width":661,"height":500,"caption":"Gro\u00dfhandel f\u00fcr K\u00fchlschr\u00e4nke sowie Gefrierschr\u00e4nke in Wien"},{"@type":"BreadcrumbList","@id":"https:\/\/kleinhandelskg.at\/blog\/kuehlschrank-grosshandel-wien\/#breadcrumb","itemListElement":[{"@type":"ListItem","position":1,"name":"Startseite","item":"https:\/\/kleinhandelskg.at\/blog\/"},{"@type":"ListItem","position":2,"name":"K\u00fchlschrank Gro\u00dfhandel in Wien"}]},{"@type":"WebSite","@id":"https:\/\/kleinhandelskg.at\/blog\/#website","url":"https:\/\/kleinhandelskg.at\/blog\/","name":"KLEIN Handels KG","description":"Hier finden Sie Informationen \u00fcber die von uns angebotenen Produkte","potentialAction":[{"@type":"SearchAction","target":{"@type":"EntryPoint","urlTemplate":"https:\/\/kleinhandelskg.at\/blog\/?s={search_term_string}"},"query-input":{"@type":"PropertyValueSpecification","valueRequired":true,"valueName":"search_term_string"}}],"inLanguage":"de"},{"@type":"Person","@id":"https:\/\/kleinhandelskg.at\/blog\/#\/schema\/person\/dcca61c963f8ef3cce3b76386f94866c","name":"KLEIN Handels KG","image":{"@type":"ImageObject","inLanguage":"de","@id":"https:\/\/kleinhandelskg.at\/blog\/#\/schema\/person\/image\/","url":"https:\/\/secure.gravatar.com\/avatar\/2325b8654060d82279d28774865a257cb20f7de63b6aa19d7273edddcd338b68?s=96&d=mm&r=g","contentUrl":"https:\/\/secure.gravatar.com\/avatar\/2325b8654060d82279d28774865a257cb20f7de63b6aa19d7273edddcd338b68?s=96&d=mm&r=g","caption":"KLEIN Handels KG"}}]}},"_links":{"self":[{"href":"https:\/\/kleinhandelskg.at\/blog\/wp-json\/wp\/v2\/posts\/141","targetHints":{"allow":["GET"]}}],"collection":[{"href":"https:\/\/kleinhandelskg.at\/blog\/wp-json\/wp\/v2\/posts"}],"about":[{"href":"https:\/\/kleinhandelskg.at\/blog\/wp-json\/wp\/v2\/types\/post"}],"author":[{"embeddable":true,"href":"https:\/\/kleinhandelskg.at\/blog\/wp-json\/wp\/v2\/users\/1"}],"replies":[{"embeddable":true,"href":"https:\/\/kleinhandelskg.at\/blog\/wp-json\/wp\/v2\/comments?post=141"}],"version-history":[{"count":12,"href":"https:\/\/kleinhandelskg.at\/blog\/wp-json\/wp\/v2\/posts\/141\/revisions"}],"predecessor-version":[{"id":1416,"href":"https:\/\/kleinhandelskg.at\/blog\/wp-json\/wp\/v2\/posts\/141\/revisions\/1416"}],"wp:featuredmedia":[{"embeddable":true,"href":"https:\/\/kleinhandelskg.at\/blog\/wp-json\/wp\/v2\/media\/1131"}],"wp:attachment":[{"href":"https:\/\/kleinhandelskg.at\/blog\/wp-json\/wp\/v2\/media?parent=141"}],"wp:term":[{"taxonomy":"category","embeddable":true,"href":"https:\/\/kleinhandelskg.at\/blog\/wp-json\/wp\/v2\/categories?post=141"},{"taxonomy":"post_tag","embeddable":true,"href":"https:\/\/kleinhandelskg.at\/blog\/wp-json\/wp\/v2\/tags?post=141"}],"curies":[{"name":"wp","href":"https:\/\/api.w.org\/{rel}","templated":true}]}}